{"id":3224656,"date":"2026-09-03T15:08:34","date_gmt":"2026-09-03T19:08:34","guid":{"rendered":"https:\/\/gijn.org\/?p=3224656"},"modified":"2026-09-03T15:08:34","modified_gmt":"2026-09-03T19:08:34","slug":"periodismo-de-investigacion-persevera-en-argentina","status":"publish","type":"post","link":"https:\/\/gijn.org\/es\/articulos\/periodismo-de-investigacion-persevera-en-argentina\/","title":{"rendered":"Bajo presi\u00f3n y sin dejarse intimidar: c\u00f3mo el periodismo de investigaci\u00f3n persevera en Argentina"},"content":{"rendered":"<p>Javier Milei llevaba casi dos a\u00f1os como presidente de Argentina por casi dos a\u00f1os cuando <a rel=\"noopener\" target=\"_blank\" href=\"https:\/\/www.youtube.com\/watch?v=rMVizyXqT7E\">la Comisi\u00f3n Interamericana de Derechos Humanos (CIDH)<\/a> celebr\u00f3 una sesi\u00f3n en la que los participantes advirtieron sobre el &#8220;veloz y pronunciado&#8221; deterioro de la libertad de expresi\u00f3n en el pa\u00eds.Durante la audiencia, organizaciones de periodismo y de la sociedad civil testificaron sobre sus experiencias trabajando bajo un presidente que recorri\u00f3 la campa\u00f1a electoral con una motosierra y que se hab\u00eda posicionado del lado de antagonistas de la prensa, como el presidente estadounidense Donald Trump y su entonces hom\u00f3logo brasile\u00f1o, el presidente Jair Bolsonaro.<\/p>\n<p>La audiencia de noviembre de 2025 revel\u00f3 datos del Monitoreo de Libertad de Expresi\u00f3n del Foro de Periodismo Argentino (FOPEA), que mostr\u00f3 que los ataques a la prensa aumentaron el a\u00f1o pasado al n\u00famero m\u00e1s alto desde que se comenz\u00f3 a rastrear en 2008. En 2025 se identificaron 278 casos de agresi\u00f3n, un 55% m\u00e1s que en 2024 y el triple que en 2023, antes de la llegada de Milei.<\/p>\n<p>El dato m\u00e1s llamativo del informe titulado <a rel=\"noopener\" target=\"_blank\" href=\"https:\/\/drive.google.com\/file\/d\/16QYSfiCSqdjdIstnNOdj393Ed0YWutso\/view\">\u201cEl periodismo en riesgo de silencio\u201d<\/a> es que <a rel=\"noopener\" target=\"_blank\" href=\"https:\/\/x.com\/JMilei\/status\/1859218428705329552?s=20\">el presidente fue responsable de cuatro de cada diez agresiones<\/a>. Adem\u00e1s de usar expresiones como \u201cNo odiamos lo suficiente a los periodistas\u201d o \u201cel 95 % de los periodistas son delincuentes\u201d, desde que asumi\u00f3 el poder, Milei ha atacado de forma personalizada a periodistas en sus redes sociales y en entrevistas.<\/p>\n<p>Tambi\u00e9n culp\u00f3 a los medios de <a rel=\"noopener\" target=\"_blank\" href=\"https:\/\/x.com\/JMilei\/status\/1859218428705329552?s=20\">funcionar como un bloque colusivo<\/a> y asegur\u00f3 que &#8220;les lleg\u00f3 el momento de tener que bancarse el vuelto por haber mentido, calumniado, injuriado y hasta haber cometido delitos de extorsi\u00f3n&#8221;.<\/p>\n<div id=\"attachment_3224680\" style=\"width: 346px\" class=\"wp-caption alignnone\"><a href=\"https:\/\/gijn.org\/wp-content\/uploads\/2026\/09\/Screenshot-2026-09-01-at-17.02.29-e1788343644864-1.png\"><img loading=\"lazy\" decoding=\"async\" aria-describedby=\"caption-attachment-3224680\" class=\"size-medium wp-image-3224680\" src=\"https:\/\/gijn.org\/wp-content\/uploads\/2026\/09\/Screenshot-2026-09-01-at-17.02.29-e1788343644864-1-336x300.png\" alt=\"Ataques a la libertad de expresi\u00f3n, seg\u00fan consta en el informe de FOPEA, a\u00f1o tras a\u00f1o. 2025 fue el peor a\u00f1o registrado. Imagen: Captura de pantalla, FOPEA\" width=\"336\" height=\"300\" srcset=\"https:\/\/gijn.org\/wp-content\/uploads\/2026\/09\/Screenshot-2026-09-01-at-17.02.29-e1788343644864-1-336x300.png 336w, https:\/\/gijn.org\/wp-content\/uploads\/2026\/09\/Screenshot-2026-09-01-at-17.02.29-e1788343644864-1-771x688.png 771w, https:\/\/gijn.org\/wp-content\/uploads\/2026\/09\/Screenshot-2026-09-01-at-17.02.29-e1788343644864-1-768x685.png 768w, https:\/\/gijn.org\/wp-content\/uploads\/2026\/09\/Screenshot-2026-09-01-at-17.02.29-e1788343644864-1.png 797w\" sizes=\"auto, (max-width: 336px) 100vw, 336px\" \/><\/a><p id=\"caption-attachment-3224680\" class=\"wp-caption-text\">Ataques a la libertad de expresi\u00f3n, seg\u00fan consta en el informe de FOPEA, a\u00f1o tras a\u00f1o. 2025 fue el peor a\u00f1o registrado. Imagen: Captura de pantalla, FOPEA<\/p><\/div>\n<p>Fernando Stanich, reportero de la ciudad de Tucum\u00e1n y presidente de FOPEA, dice que, aunque todos los reporteros sienten el impacto de la situaci\u00f3n actual, \u201cse afecta sobre todo al periodismo de investigaci\u00f3n porque es el que realmente incomoda al poder\u201d.<\/p>\n<p>As\u00ed lo confirma tambi\u00e9n Reporteros Sin Fronteras (RSF), organizaci\u00f3n que en 2026 ubica a <a rel=\"noopener\" target=\"_blank\" href=\"https:\/\/rsf.org\/es\/pais\/argentina\">Argentina en el puesto 98 entre 180 pa\u00edses<\/a>, once lugares por debajo de la posici\u00f3n en la que estaba el a\u00f1o anterior. En el 2024 estaba en el puesto 66, en el 2023 en el 40. La ca\u00edda implic\u00f3 que el pa\u00eds pasara de estar en una situaci\u00f3n calificada como \u201cproblem\u00e1tica\u201d a una calificada como \u201cdif\u00edcil\u201d.<\/p>\n<p>\u201cCreo que no se trata tanto de la cantidad de agresiones, porque siempre las hubo en todos los gobiernos, sino de que la respuesta a las investigaciones y a las cr\u00edticas se volvi\u00f3 m\u00e1s agresiva\u201d, explica el veterano periodista Hugo Alconada Mon, prosecretario de Redacci\u00f3n del diario La Naci\u00f3n y miembro de FOPEA.<\/p>\n<p>Alconada Mon es autor de varias investigaciones sobre casos de corrupci\u00f3n que rodean al gobierno de Milei. Una de ellas est\u00e1 relacionada con la <a rel=\"noopener\" target=\"_blank\" href=\"https:\/\/www.lanacion.com.ar\/politica\/hayden-davis-el-cerebro-detras-de-libra-mantiene-el-contacto-abierto-con-el-gobierno-de-milei-nid18022025\/\">estafa de la criptomoneda $LIBRA<\/a>, en la que el presidente estuvo implicado. Aunque <a rel=\"noopener\" target=\"_blank\" href=\"https:\/\/www.bbc.co.uk\/news\/articles\/c1w07nq8qqqo\">Milei niega haber actuado de manera inapropiada<\/a>, el caso contin\u00faa bajo investigaci\u00f3n oficial. Alconada Mon tambi\u00e9n trabaj\u00f3 en una investigaci\u00f3n sobre un supuesto caso de enriquecimiento il\u00edcito que involucra al entonces <a rel=\"noopener\" target=\"_blank\" href=\"https:\/\/www.bbc.co.uk\/news\/articles\/c1w07nq8qqqo\">jefe de gabinete y portavoz presidencial Manuel Adorni<\/a> (Adorni renunci\u00f3 despu\u00e9s de la revelaci\u00f3n, aunque dijo que lo hizo &#8220;con la conciencia tranquila&#8221;). Otro caso relacionado con presuntos <a rel=\"noopener\" target=\"_blank\" href=\"https:\/\/www.lanacion.com.ar\/politica\/la-trama-millonaria-de-corrupcion-en-la-agencia-de-discapacidad-como-funcionaba-el-esquema-que-nid15112025\/\">sobornos vinculados a la agencia nacional de discapacidad<\/a> lleg\u00f3 hasta Karina Milei, hermana del presidente y secretaria general de la Presidencia en la Agencia Nacional de Discapacidad (ANDIS).\u00a0Ella neg\u00f3 las acusaciones y su hermano, el presidente, calific\u00f3 las acusaciones como teatro pol\u00edtico.<\/p>\n<p>Pero una revelaci\u00f3n de Alconada Mon desencaden\u00f3 una respuesta m\u00e1s agresiva y coordinada. En mayo de 2025, el periodista <a rel=\"noopener\" target=\"_blank\" href=\"https:\/\/www.lanacion.com.ar\/politica\/la-side-pone-la-mira-en-quienes-manipulen-la-opinion-publica-o-erosionen-la-confianza-en-los-nid25052025\/\">public\u00f3 los detalles del Plan de Inteligencia Nacional (PIN) del Gobierno<\/a>, un documento secreto de 170 p\u00e1ginas que establec\u00eda como prioridad la vigilancia de individuos que \u201cerosionan la confianza en el gobierno\u201d y podr\u00edan \u201cinfluir en la opini\u00f3n p\u00fablica.\u201d<\/p>\n<p>\u201cApenas publicada esta informaci\u00f3n, recib\u00ed diez intentos de hackeo de mi tel\u00e9fono celular, despu\u00e9s dos de mi correo electr\u00f3nico y dos de mi cuenta de X. A continuaci\u00f3n, llamadas y amenazas desde cuatro n\u00fameros de distintas provincias. Adem\u00e1s, me inscribieron en p\u00e1ginas financieras y en p\u00e1ginas pornogr\u00e1ficas\u201d, explica Alconada Mon. M\u00e1s de un a\u00f1o despu\u00e9s, la investigaci\u00f3n judicial apenas ha avanzado.<\/p>\n<p>La Oficina del Presidente neg\u00f3 que el Plan de Inteligencia tuviera fines persecutorios. Milei replic\u00f3 el comunicado en su cuenta de X y volvi\u00f3 a atacar a los periodistas, a quienes calific\u00f3 como \u201clos mayores creadores de noticias falsas en la historia de la humanidad\u201d.<\/p>\n<h4><b>Milei, con el manual de Donald Trump<\/b><\/h4>\n<div id=\"attachment_3224703\" style=\"width: 346px\" class=\"wp-caption alignnone\"><a href=\"https:\/\/gijn.org\/wp-content\/uploads\/2026\/09\/shutterstock_2638934697-1.jpg\"><img loading=\"lazy\" decoding=\"async\" aria-describedby=\"caption-attachment-3224703\" class=\"size-medium wp-image-3224703\" src=\"https:\/\/gijn.org\/wp-content\/uploads\/2026\/09\/shutterstock_2638934697-1-336x224.jpg\" alt=\"El presidente argentino, Javier Milei, fotografiado en 2025. Con frecuencia llama a los periodistas &quot;criminales&quot;. Imagen: Shutterstock\" width=\"336\" height=\"224\" srcset=\"https:\/\/gijn.org\/wp-content\/uploads\/2026\/09\/shutterstock_2638934697-1-336x224.jpg 336w, https:\/\/gijn.org\/wp-content\/uploads\/2026\/09\/shutterstock_2638934697-1-771x513.jpg 771w, https:\/\/gijn.org\/wp-content\/uploads\/2026\/09\/shutterstock_2638934697-1-768x511.jpg 768w, https:\/\/gijn.org\/wp-content\/uploads\/2026\/09\/shutterstock_2638934697-1.jpg 1000w\" sizes=\"auto, (max-width: 336px) 100vw, 336px\" \/><\/a><p id=\"caption-attachment-3224703\" class=\"wp-caption-text\">El presidente argentino, Javier Milei, fotografiado en 2025. Con frecuencia llama a los periodistas &#8220;criminales&#8221;. Imagen: Shutterstock<\/p><\/div>\n<p>Javier Milei consigui\u00f3 la presidencia en 2023 en una elecci\u00f3n sorpresiva: hab\u00eda perdido la primera vuelta por m\u00e1s de seis puntos y termin\u00f3 ganando por casi nueve en balotaje. Hab\u00eda llegado a la pol\u00edtica como legislador despu\u00e9s de hacerse famoso como polemista en programas de televisi\u00f3n donde se presentaba como un \u201clibertario anarco capitalista\u201d que propon\u00eda destruir el Estado.<\/p>\n<p>Al grito de \u00a1Viva la libertad, carajo! propon\u00eda terminar con \u201cla casta pol\u00edtica\u201d y apuntaba al ajuste salvaje como f\u00f3rmula para terminar con la inflaci\u00f3n al tiempo que insultaba a adversarios pol\u00edticos, referentes de la cultura, periodistas y hasta al Papa Francisco. Lejos de abandonar ese estilo agresivo y desbordado, una vez en el poder lo profundiz\u00f3.<\/p>\n<p><a rel=\"noopener\" target=\"_blank\" href=\"https:\/\/rsf.org\/es\/pais\/argentina\">Reporteros Sin Fronteras <\/a>vincula el deterioro de la libertad de expresi\u00f3n en Argentina con la cercan\u00eda de Milei con su par estadounidense, Donald Trump, quien \u201cha convertido los ataques contra la prensa y los periodistas en una pr\u00e1ctica sistem\u00e1tica&#8221;. Y agrega que lo mismo ocurre con Nayib Bukele, otro de &#8220;los fervientes defensores de Trump en Am\u00e9rica Latina que reproducen el manual\u201d.<\/p>\n<p>\u201cEstigmatizar el discurso\u201d, \u201cEstigmatizar el discurso\u201d, para desacreditar o disciplinar a la prensa, es uno de los indicadores utilizados por la Red Voces del Sur para medir la libertad de expresi\u00f3n. Argentina qued\u00f3 en primer lugar en el ranking <a rel=\"noopener\" target=\"_blank\" href=\"https:\/\/vocesdelsurunidas.org\/wp-content\/uploads\/2026\/05\/Red-VDS-Informe-Sombra-2025.pdf\">Cartograf\u00eda del silencio<\/a>: el pa\u00eds concentra 139 de las 547 alertas registradas en la regi\u00f3n, seguido por Colombia (61) y El Salvador (58). El 99,4 % de las alertas fueron atribuidas a Milei.<\/p>\n<aside>\u201cEl acceso a la informaci\u00f3n p\u00fablica se ha vuelto dif\u00edcil. Por ejemplo, muchas bases de datos est\u00e1n desactualizadas y la informaci\u00f3n relevante ya no se publica.\u201d \u2014 Sandra Crucianelli, periodista de investigaci\u00f3n argentina.<\/aside>\n<p>\u201cCuando estas narrativas son promovidas por actores con poder pol\u00edtico o alta visibilidad p\u00fablica, no solo afectan la reputaci\u00f3n y la seguridad de periodistas y medios, sino que adem\u00e1s amplifican la exposici\u00f3n a otras formas de violencia y legitiman nuevas agresiones\u201d, remarca el informe.<\/p>\n<p>\u201cEstos \u00faltimos dos a\u00f1os han sido muy dif\u00edciles para nosotros por el desprecio y la incitaci\u00f3n al odio por parte de quien ocupa el cargo m\u00e1s importante del pa\u00eds\u201d, se\u00f1ala Sandra Crucianelli, periodista de investigaci\u00f3n y miembro del Consorcio Internacional de Periodistas de Investigaci\u00f3n (ICIJ).<\/p>\n<p>El \u201cdiscurso estigmatizador\u201d. cuando se utiliza como herramienta para desacreditar y disciplinar a la prensa, es uno de los indicadores que monitorea la Red Voces del Sur para medir la libertad de prensa. Argentina qued\u00f3 en primer lugar en el ranking <a rel=\"noopener\" target=\"_blank\" href=\"https:\/\/vocesdelsurunidas.org\/wp-content\/uploads\/2026\/05\/Red-VDS-Informe-Sombra-2025.pdf\">Cartograf\u00eda del silencio<\/a>: el pa\u00eds concentra 139 de las 547 alertas registradas en la regi\u00f3n, seguido por Colombia (61) y El Salvador (58). El 99,4 % de las alertas fueron atribuidas a Milei.<\/p>\n<p>\u201cCuando estas narrativas son promovidas por actores con poder pol\u00edtico o alta visibilidad p\u00fablica, no solo afectan la reputaci\u00f3n y seguridad de periodistas y medios, sino que adem\u00e1s amplifican la exposici\u00f3n a otras formas de violencia y legitiman nuevas agresiones\u201d, remarca el informe.<\/p>\n<p>\u201cEstos \u00faltimos dos a\u00f1os han sido muy dif\u00edciles para nosotros por el desprecio y la incitaci\u00f3n al odio por parte de quien ocupa el cargo m\u00e1s importante del pa\u00eds\u201d, se\u00f1ala Sandra Crucianelli, periodista de investigaci\u00f3n y miembro del Consorcio Internacional de Periodistas de Investigaci\u00f3n (ICIJ).<\/p>\n<p>A la estigmatizaci\u00f3n y las agresiones virtuales, la periodista suma obst\u00e1culos materiales para hacer periodismo de investigaci\u00f3n: \u201cSe dificult\u00f3 el acceso a la informaci\u00f3n p\u00fablica. Por ejemplo, hay muchas bases de datos que est\u00e1n desactualizadas y hay informaci\u00f3n relevante que no se publica m\u00e1s\u201d. Una muestra de ello es que hist\u00f3ricamente la C\u00e1mara de Diputados publicaba el listado de personal asignado a cada bloque pol\u00edtico y a cada legislador. \u201cEso ya no est\u00e1 disponible. En el Senado tambi\u00e9n se dificult\u00f3 el acceso a los datos y desde 2023 no se desarrolla la base integrada de Empleo P\u00fablico, que us\u00e1bamos para analizar el tama\u00f1o del Estado y la evoluci\u00f3n de los sueldos p\u00fablicos\u201d.<\/p>\n<p>A las restricciones de hecho se suman acciones del Gobierno, como la modificaci\u00f3n por decreto de la Ley de Acceso a\u00a0 la Informaci\u00f3n P\u00fablica, que limit\u00f3 el alcance de los datos que pueden solicitarse y redefini\u00f3 qu\u00e9 se considera informaci\u00f3n p\u00fablica.<\/p>\n<p>Por su parte, la periodista de investigaci\u00f3n Emilia Delfino, tambi\u00e9n miembro del ICIJ y editora en Mongabay, se\u00f1ala que \u201cla hostilidad por parte del poder es peligrosa porque puede convertirse en agresi\u00f3n f\u00edsica muy f\u00e1cilmente y eso tiene consecuencias imprevisibles e indeseables\u201d.<\/p>\n<p>\u201cEl riesgo se multiplic\u00f3 y va combinado con la p\u00e9rdida de credibilidad de los periodistas. Es un combo del que va a ser dif\u00edcil salir\u201d, advierte. \u201cOtro riesgo central es que esa hostilidad del poder nos quite objetividad&#8230; Por m\u00e1s personal\u00edsimos que sean los ataques del poder a los periodistas, nosotros no debemos caer en ese juego. Debemos cuidar el lenguaje, c\u00f3mo informamos y c\u00f3mo nos expresamos en este contexto de creciente violencia\u201d.<\/p>\n<h4><b>Persecuci\u00f3n judicial y fake news<\/b><\/h4>\n<p>El avance contra la libertad de expresi\u00f3n en Argentina lleg\u00f3 tambi\u00e9n a la justicia. Seg\u00fan los registros de FOPEA, en 2025 se iniciaron 30 causas contra periodistas, un n\u00famero sin precedentes en el pa\u00eds. A\u00fan m\u00e1s in\u00e9dito es el hecho de que ocho de esas causas fueron iniciadas por el presidente.<\/p>\n<aside>&#8220;Milei busca asustarnos porque quiere que su opini\u00f3n sea tratada como un hecho indiscutible\u2026 En estos casos, el castigo es el propio proceso judicial.\u201d \u2014 Ari Lijalad, periodista argentino, demandado por Milei.<\/aside>\n<p>S\u00f3lo una permanece abierta. Se trata de la <a rel=\"noopener\" target=\"_blank\" href=\"https:\/\/litigio.com.ar\/2026\/05\/12\/la-justicia-podria-reabrir-la-causa-por-la-denuncia-de-milei-contra-el-periodista-ari-lijalad\/\">demanda penal y civil contra el periodista Ari Lijalad<\/a>. Milei acus\u00f3 al conductor del programa de radio El\u00a0 Destape por \u201ccalumnias e injurias\u201d luego de la publicaci\u00f3n de <a rel=\"noopener\" target=\"_blank\" href=\"https:\/\/www.eldestapeweb.com\/politica\/milei-entre-el-odio-a-la-informacion-y-el-discurso-nazi-2025540521\">un art\u00edculo de opini\u00f3n.<\/a> Despu\u00e9s de ser demandado, el periodista recibi\u00f3 el apoyo de 600 colegas, quienes firmaron la republicaci\u00f3n del art\u00edculo.<\/p>\n<p>Lijalad sostiene que, en realidad, el ataque judicial es la venganza del presidente por su investigaci\u00f3n sobre los cinco millones de kilos de alimentos destinados a comedores populares que fueron retenidos por el Gobierno. El art\u00edculo se public\u00f3 apenas seis meses despu\u00e9s de que Milei llegara al poder y fue <a rel=\"noopener\" target=\"_blank\" href=\"https:\/\/www.eldestapeweb.com\/politica\/javier-milei-presidente\/milei-y-pettovello-tienen-mas-5-millones-de-kilos-de-alimentos-sin-entregar-y-hay-riesgo-de-que-se-pudran-202452220250\">una de las primeras revelaciones de impacto.\u00a0<\/a><\/p>\n<p>\u201cMilei busca meternos miedo porque pretende que su opini\u00f3n sea un hecho incontrastable\u201d, dice Lijalad, quien se\u00f1ala la complicidad de la justicia: \u201cEn estos casos, la condena es el proceso, porque son demandas que deber\u00edan descartarse de inmediato por los precedentes de la CIDH sobre libertad de expresi\u00f3n, pero ning\u00fan juez quiso hacerlo\u201d.<\/p>\n<p>Otro caso emblem\u00e1tico es el de la periodista Julia Mengolini, que en 2025 sufri\u00f3 <a rel=\"noopener\" target=\"_blank\" href=\"https:\/\/rsf.org\/en\/argentina-smear-campaign-against-julia-mengolini-illustrates-uptick-harassment-journalists-under\">un ataque mediante un video sexual generado con IA<\/a> que el presidente amplific\u00f3. Tras sufrir acoso constante, el a\u00f1o pasado la fundadora del medio Futurock anunci\u00f3 que iba a presentar una acci\u00f3n penal contra Milei por \u201cincitaci\u00f3n al odio y a la violencia colectiva\u201d y por \u201camenazas coactivas\u201d.<\/p>\n<p>\u201cLa violencia afecta especialmente a las mujeres periodistas, quienes dejan de abordar ciertos temas por miedo a ataques de este tipo, porque para ellas suelen dirigirse a su vida privada\u201d, se\u00f1ala Stanich, presidente de FOPEA. La lista de quienes sufrieron ataques personalizados del presidente en su cuenta de X y en entrevistas incluye a Mar\u00eda O\u2019Donell, Romina Manguel, Luciana Geuna y D\u00e9bora Plager, entre otras.<\/p>\n<h4><b>Represi\u00f3n m\u00e1s all\u00e1 de la ret\u00f3rica y las demandas<\/b><\/h4>\n<p>El a\u00f1o pasado fue adem\u00e1s el a\u00f1o con m\u00e1s agresiones f\u00edsicas a periodistas que se recuerde en Argentina desde la restauraci\u00f3n de la democracia. Un <a rel=\"noopener\" target=\"_blank\" href=\"https:\/\/www.sipreba.org\/institucional\/informe-libertad-expresion-argentina-2025-aumento-casos-represion\/\">informe del Sindicato de Prensa de Buenos Aires (SiPreBA)<\/a> destac\u00f3 un aumento del 66 % en el n\u00famero de periodistas agredidos por las fuerzas de seguridad durante las protestas.<\/p>\n<aside>La \u00faltima medida del gobierno fue el cierre de la sala de prensa de la Casa Rosada, el equivalente argentino de la Casa Blanca y sede del poder ejecutivo.<\/aside>\n<p>En marzo de 2025, el fot\u00f3grafo Pablo Grillo fue golpeado en la cabeza por un cartucho de gas lacrim\u00f3geno disparado por la polic\u00eda durante una manifestaci\u00f3n de jubilados \u2014 que marchan todos los mi\u00e9rcoles frente al Congreso Nacional. Aunque se recuper\u00f3 de sus heridas, sufre secuelas permanentes.<\/p>\n<p>\u201cEl uso de m\u00e1scaras de gas y cascos para protegernos pas\u00f3 a ser parte de nuestro equipo de trabajo\u201d, denunci\u00f3 el fotoreportero Tom\u00e1s F. Cuesta ante la CIDH. Colaborador de medios locales e internacionales, como la agencia AFP, tambi\u00e9n recibi\u00f3 golpes y fue detenido por las fuerzas de seguridad mientras trabajaba en las protestas frente al Congreso. Otro de los fot\u00f3grafos v\u00edctima de esta violencia dirigida a la prensa de parte del Estado fue Rodrigo Abd, quien recibi\u00f3 el impacto de un cami\u00f3n hidrante que le produjo da\u00f1os permanentes en el o\u00eddo.<\/p>\n<p>El \u00faltimo movimiento del gobierno fue el cierre de la sala de prensa en la Casa Rosada, la versi\u00f3n argentina de la Casa Blanca y sede del poder ejecutivo. La sala permaneci\u00f3 cerrada durante once d\u00edas a principios de mayo de 2026 y se revocaron las credenciales de prensa de los periodistas. El gobierno dijo que la medida fue consecuencia de que dos reporteros grabaran con gafas inteligentes, mientras que los periodistas calificaron la medida como &#8220;un ataque expl\u00edcito a la libertad de prensa, la pr\u00e1ctica del periodismo y el derecho del p\u00fablico a acceder a la informaci\u00f3n&#8221;.<\/p>\n<p>Y parece poco probable que los ataques paren pronto: los periodistas se preparan para la posible derogaci\u00f3n del Estatuto del Periodista Profesional, que est\u00e1 en vigor desde 1946, y cuya derogaci\u00f3n el gobierno incluy\u00f3 en su proyecto de reforma laboral.<\/p>\n<p>&#8220;El Estatuto sirve como un escudo protector para los periodistas contra la presi\u00f3n pol\u00edtica y econ\u00f3mica\u2026 Garantiza condiciones laborales equitativas, protege la confidencialidad de las fuentes y asegura el acceso a edificios p\u00fablicos, la propiedad intelectual y la \u00e9tica period\u00edstica&#8221;, explica Stanich. &#8220;Perderlo constituye un ataque directo a la libertad de expresi\u00f3n&#8221;.<\/p>\n<hr \/>\n<p><b><i><\/i><\/b><b><i><a href=\"https:\/\/gijn.org\/wp-content\/uploads\/2026\/09\/1726057329543.jpeg\"><img loading=\"lazy\" decoding=\"async\" class=\"alignleft wp-image-3222352 size-thumbnail image--small\" src=\"https:\/\/gijn.org\/wp-content\/uploads\/2026\/09\/1726057329543-140x140.jpeg\" sizes=\"auto, (max-width: 140px) 100vw, 140px\" srcset=\"https:\/\/gijn.org\/wp-content\/uploads\/2026\/09\/1726057329543-140x140.jpeg 140w, https:\/\/gijn.org\/wp-content\/uploads\/2026\/09\/1726057329543-336x336.jpeg 336w, https:\/\/gijn.org\/wp-content\/uploads\/2026\/09\/1726057329543.jpeg 400w\" alt=\"\" width=\"140\" height=\"140\" \/><\/a><a href=\"https:\/\/linktr.ee\/PaulaBistagnino\" target=\"_blank\" rel=\"noopener\">Paula Bistagnino<\/a><\/i><\/b>\u00a0<i>es periodista independiente radicada en Buenos Aires. Su trabajo ha sido publicado en Revista Anfibia,<\/i>\u00a0<i>P\u00e1gina 12, Revista \u00d1 e Infobae, as\u00ed como en el medio espa\u00f1ol elDiario.es. En 2015 recibi\u00f3 la beca Gabriel Garc\u00eda M\u00e1rquez de Periodismo Cultural de la Fundaci\u00f3n Nuevo Periodismo Iberoamericano (FNPI) y, en 2020, una beca de periodismo de investigaci\u00f3n de Connectas. Ha dedicado m\u00e1s de una d\u00e9cada a investigar el Opus Dei. Ha ganado dos premios de FOPEA: uno a la<\/i><a href=\"https:\/\/premio.fopea.org\/ceremonia-2021\/\" target=\"_blank\" rel=\"noopener\"><i>\u00a0mejor investigaci\u00f3n en 2021<\/i><\/a><i>\u00a0y<\/i><a href=\"https:\/\/fopea.org\/los-ganadores-del-premio-fopea-2024-al-periodismo-de-investigacion\/\" target=\"_blank\" rel=\"noopener\"><i> otro al mejor libro de investigaci\u00f3n en 2024<\/i><\/a><i>.<\/i><\/p>\n","protected":false},"excerpt":{"rendered":"<p>En Argentina, los periodistas de investigaci\u00f3n se enfrentan a ataques personales, al deterioro de la libertad de prensa y a obst\u00e1culos para acceder a la informaci\u00f3n, pero se niegan a ceder o a interrumpir su cobertura.<\/p>\n","protected":false},"author":3031197,"featured_media":3224657,"comment_status":"closed","ping_status":"closed","sticky":false,"template":"","format":"standard","meta":{"_acf_changed":false,"_price":"","_stock":"","_tribe_ticket_header":"","_tribe_default_ticket_provider":"TEC\\Tickets\\Commerce\\Module","_tribe_ticket_capacity":"0","_ticket_start_date":"","_ticket_end_date":"","_tribe_ticket_show_description":"","_tribe_ticket_show_not_going":false,"_tribe_ticket_use_global_stock":"","_tribe_ticket_global_stock_level":"","_global_stock_mode":"","_global_stock_cap":"","_tribe_rsvp_for_event":"","_tribe_ticket_going_count":"","_tribe_ticket_not_going_count":"","_tribe_tickets_list":"[]","_tribe_ticket_has_attendee_info_fields":false,"republication-tracker-tool-hide-widget":false,"footnotes":"","_tec_slr_enabled":"","_tec_slr_layout":""},"categories":[23188],"tags":[28732,28915,23811,26078,28419],"gijn_topic":[18874],"series":[],"gijn_language":[],"gijn_region":[],"class_list":["post-3224656","post","type-post","status-publish","format-standard","has-post-thumbnail","hentry","category-articulos","tag-acoso-legal","tag-intimidacion","tag-libertad-de-prensa-es","tag-press-freedom-es","tag-seguridad-de-periodistas-es","gijn_topic-noticias-y-analisis"],"acf":[],"ticketed":false,"_links":{"self":[{"href":"https:\/\/gijn.org\/es\/wp-json\/wp\/v2\/posts\/3224656","targetHints":{"allow":["GET"]}}],"collection":[{"href":"https:\/\/gijn.org\/es\/wp-json\/wp\/v2\/posts"}],"about":[{"href":"https:\/\/gijn.org\/es\/wp-json\/wp\/v2\/types\/post"}],"author":[{"embeddable":true,"href":"https:\/\/gijn.org\/es\/wp-json\/wp\/v2\/users\/3031197"}],"replies":[{"embeddable":true,"href":"https:\/\/gijn.org\/es\/wp-json\/wp\/v2\/comments?post=3224656"}],"version-history":[{"count":1,"href":"https:\/\/gijn.org\/es\/wp-json\/wp\/v2\/posts\/3224656\/revisions"}],"predecessor-version":[{"id":3224726,"href":"https:\/\/gijn.org\/es\/wp-json\/wp\/v2\/posts\/3224656\/revisions\/3224726"}],"wp:featuredmedia":[{"embeddable":true,"href":"https:\/\/gijn.org\/es\/wp-json\/wp\/v2\/media\/3224657"}],"wp:attachment":[{"href":"https:\/\/gijn.org\/es\/wp-json\/wp\/v2\/media?parent=3224656"}],"wp:term":[{"taxonomy":"category","embeddable":true,"href":"https:\/\/gijn.org\/es\/wp-json\/wp\/v2\/categories?post=3224656"},{"taxonomy":"post_tag","embeddable":true,"href":"https:\/\/gijn.org\/es\/wp-json\/wp\/v2\/tags?post=3224656"},{"taxonomy":"gijn_topic","embeddable":true,"href":"https:\/\/gijn.org\/es\/wp-json\/wp\/v2\/gijn_topic?post=3224656"},{"taxonomy":"series","embeddable":true,"href":"https:\/\/gijn.org\/es\/wp-json\/wp\/v2\/series?post=3224656"},{"taxonomy":"gijn_language","embeddable":true,"href":"https:\/\/gijn.org\/es\/wp-json\/wp\/v2\/gijn_language?post=3224656"},{"taxonomy":"gijn_region","embeddable":true,"href":"https:\/\/gijn.org\/es\/wp-json\/wp\/v2\/gijn_region?post=3224656"}],"curies":[{"name":"wp","href":"https:\/\/api.w.org\/{rel}","templated":true}]}}